{"id":10282,"global_id":"www.fetenfeten.net\/en\/?id=10282","global_id_lineage":["www.fetenfeten.net\/en\/?id=10282"],"author":"1","status":"publish","date":"2025-07-02 09:43:41","date_utc":"2025-07-02 07:43:41","modified":"2025-09-16 11:23:18","modified_utc":"2025-09-16 09:23:18","url":"https:\/\/www.fetenfeten.net\/en\/event\/algete\/","rest_url":"https:\/\/www.fetenfeten.net\/en\/wp-json\/tribe\/events\/v1\/events\/10282","title":"Algete","description":"<div class=\"event-body\">\n<div class=\"event-body\">\n<p>Concierto de Fet\u00e9n Fet\u00e9n en Algete. 20:45. Plaza de la Constituci\u00f3n<\/p>\n<p>Red de Teatros de Madrid.<\/p>\n<\/div>\n<\/div>","excerpt":"","slug":"algete","image":{"url":"https:\/\/www.fetenfeten.net\/wp-content\/uploads\/2025\/06\/nodisponible.png","id":10044,"extension":"png","width":500,"height":500,"filesize":21329,"sizes":{"medium":{"width":300,"height":300,"mime-type":"image\/png","filesize":6007,"url":"https:\/\/www.fetenfeten.net\/wp-content\/uploads\/2025\/06\/nodisponible-300x300.png"},"thumbnail":{"width":150,"height":150,"mime-type":"image\/png","filesize":3151,"url":"https:\/\/www.fetenfeten.net\/wp-content\/uploads\/2025\/06\/nodisponible-150x150.png"},"menu-thumb":{"width":329,"height":230,"mime-type":"image\/png","filesize":5079,"url":"https:\/\/www.fetenfeten.net\/wp-content\/uploads\/2025\/06\/nodisponible-329x230.png"},"crane-portfolio-300":{"width":300,"height":300,"mime-type":"image\/png","filesize":6007,"url":"https:\/\/www.fetenfeten.net\/wp-content\/uploads\/2025\/06\/nodisponible-300x300.png"},"crane-related":{"width":500,"height":400,"mime-type":"image\/png","filesize":7341,"url":"https:\/\/www.fetenfeten.net\/wp-content\/uploads\/2025\/06\/nodisponible-500x400.png"},"woocommerce_thumbnail":{"width":300,"height":300,"mime-type":"image\/png","filesize":6007,"uncropped":false,"url":"https:\/\/www.fetenfeten.net\/wp-content\/uploads\/2025\/06\/nodisponible-300x300.png"},"woocommerce_gallery_thumbnail":{"width":100,"height":100,"mime-type":"image\/png","filesize":2278,"url":"https:\/\/www.fetenfeten.net\/wp-content\/uploads\/2025\/06\/nodisponible-100x100.png"}}},"all_day":false,"start_date":"2025-06-07 20:30:00","start_date_details":{"year":"2025","month":"06","day":"07","hour":"20","minutes":"30","seconds":"00"},"end_date":"2025-06-07 23:30:00","end_date_details":{"year":"2025","month":"06","day":"07","hour":"23","minutes":"30","seconds":"00"},"utc_start_date":"2025-06-07 18:30:00","utc_start_date_details":{"year":"2025","month":"06","day":"07","hour":"18","minutes":"30","seconds":"00"},"utc_end_date":"2025-06-07 21:30:00","utc_end_date_details":{"year":"2025","month":"06","day":"07","hour":"21","minutes":"30","seconds":"00"},"timezone":"Europe\/Madrid","timezone_abbr":"CEST","cost":"","cost_details":{"currency_symbol":"\u20ac","currency_code":"EUR","currency_position":"prefix","values":[]},"website":"","show_map":false,"show_map_link":false,"hide_from_listings":false,"sticky":true,"featured":true,"categories":[{"name":"CONCERTS","slug":"feten-feten-concerts-upcoming-dates","term_group":0,"term_taxonomy_id":96,"taxonomy":"tribe_events_cat","description":"","parent":0,"count":54,"filter":"raw","id":96,"urls":{"self":"https:\/\/www.fetenfeten.net\/en\/wp-json\/tribe\/events\/v1\/categories\/96","collection":"https:\/\/www.fetenfeten.net\/en\/wp-json\/tribe\/events\/v1\/categories"}}],"tags":[],"venue":[],"organizer":[],"custom_fields":[],"json_ld":{"@context":"http:\/\/schema.org","@type":"Event","name":"Algete","description":"&lt;p&gt;Concierto de Fet\u00e9n Fet\u00e9n en Algete. 20:45. Plaza de la Constituci\u00f3n Red de Teatros de Madrid.&lt;\/p&gt;\\n","image":"https:\/\/www.fetenfeten.net\/wp-content\/uploads\/2025\/06\/nodisponible.png","url":"https:\/\/www.fetenfeten.net\/en\/event\/algete\/","eventAttendanceMode":"https:\/\/schema.org\/OfflineEventAttendanceMode","eventStatus":"https:\/\/schema.org\/EventScheduled","startDate":"2025-06-07T20:30:00+02:00","endDate":"2025-06-07T23:30:00+02:00","performer":"Organization"}}