{"id":10361,"date":"2025-06-27T12:53:54","date_gmt":"2025-06-27T10:53:54","guid":{"rendered":"https:\/\/www.fetenfeten.net\/el-magico-planeta-de-los-instrumentos-insolitos\/"},"modified":"2026-02-18T13:13:03","modified_gmt":"2026-02-18T12:13:03","slug":"el-magico-planeta-de-los-instrumentos-insolitos","status":"publish","type":"post","link":"https:\/\/www.fetenfeten.net\/en\/el-magico-planeta-de-los-instrumentos-insolitos\/","title":{"rendered":"&#8220;El m\u00e1gico planeta de los instrumentos ins\u00f3litos&#8221;"},"content":{"rendered":"\n<figure class=\"wp-block-embed is-type-video is-provider-youtube wp-block-embed-youtube wp-embed-aspect-16-9 wp-has-aspect-ratio\"><div class=\"wp-block-embed__wrapper\">\n<iframe loading=\"lazy\" title=\"Conciertos did\u00e1cticos.  Fete\u0301n Fete\u0301n\" width=\"900\" height=\"506\" src=\"https:\/\/www.youtube.com\/embed\/8oeGEqI0zdY?feature=oembed\" frameborder=\"0\" allow=\"accelerometer; autoplay; clipboard-write; encrypted-media; gyroscope; picture-in-picture; web-share\" referrerpolicy=\"strict-origin-when-cross-origin\" allowfullscreen><\/iframe>\n<\/div><\/figure>\n\n\n\n<hr class=\"wp-block-separator has-alpha-channel-opacity\"\/>\n\n\n\n<p>El objetivo principal de este divertido concierto es que las familias emprendan un maravilloso viaje a trav\u00e9s de los diferentes ritmos y melod\u00edas de la m\u00fasica popular espa\u00f1ola, transmiti\u00e9ndoles valores sobre la reutilizaci\u00f3n, la pobreza, la imaginaci\u00f3n y la importancia de conocer nuestras tradiciones utilizando algunos de los instrumentos m\u00e1s incre\u00edbles de la historia de la m\u00fasica<\/p>\n\n\n\n<p><strong>\u00a1Conciertos fet\u00e9n para todo tipo de p\u00fablicos!<\/strong><\/p>\n\n\n\n<hr class=\"wp-block-separator has-alpha-channel-opacity\"\/>\n\n\n\n<div class=\"wp-block-buttons is-content-justification-center is-layout-flex wp-container-core-buttons-is-layout-16018d1d wp-block-buttons-is-layout-flex\">\n<div class=\"wp-block-button\"><a class=\"wp-block-button__link wp-element-button\" href=\"https:\/\/www.fetenfeten.net\/wp-content\/uploads\/2025\/06\/familiar-feten.pdf\" target=\"_blank\" rel=\"noreferrer noopener\">Descargar Dosier conc. familiar<\/a><\/div>\n<\/div>\n\n\n\n<div class=\"wp-block-buttons is-content-justification-center is-layout-flex wp-container-core-buttons-is-layout-16018d1d wp-block-buttons-is-layout-flex\">\n<div class=\"wp-block-button\"><a class=\"wp-block-button__link wp-element-button\" href=\"https:\/\/www.fetenfeten.net\/wp-content\/uploads\/2025\/06\/didacticos-feten.pdf\" target=\"_blank\" rel=\"noreferrer noopener\">Dosier colegios<\/a><\/div>\n<\/div>\n\n\n\n<p><\/p>\n","protected":false},"excerpt":{"rendered":"<p>El objetivo principal de este divertido concierto es que las familias emprendan un maravilloso viaje a trav\u00e9s de los diferentes ritmos y melod\u00edas de la m\u00fasica popular espa\u00f1ola, transmiti\u00e9ndoles valores &#8230;<\/p>\n","protected":false},"author":1,"featured_media":10047,"comment_status":"closed","ping_status":"open","sticky":false,"template":"","format":"standard","meta":{"footnotes":""},"categories":[99],"tags":[],"class_list":["post-10361","post","type-post","status-publish","format-standard","has-post-thumbnail","hentry","category-proyectos-en"],"yoast_head":"<!-- This site is optimized with the Yoast SEO plugin v25.4 - https:\/\/yoast.com\/wordpress\/plugins\/seo\/ -->\n<title>&quot;El m\u00e1gico planeta de los instrumentos ins\u00f3litos&quot; - Fet\u00e9n Fet\u00e9n<\/title>\n<meta name=\"robots\" content=\"index, follow, max-snippet:-1, max-image-preview:large, max-video-preview:-1\" \/>\n<link rel=\"canonical\" href=\"https:\/\/www.fetenfeten.net\/en\/el-magico-planeta-de-los-instrumentos-insolitos\/\" \/>\n<meta property=\"og:locale\" content=\"en_US\" \/>\n<meta property=\"og:type\" content=\"article\" \/>\n<meta property=\"og:title\" content=\"&quot;El m\u00e1gico planeta de los instrumentos ins\u00f3litos&quot; - Fet\u00e9n Fet\u00e9n\" \/>\n<meta property=\"og:description\" content=\"El objetivo principal de este divertido concierto es que las familias emprendan un maravilloso viaje a trav\u00e9s de los diferentes ritmos y melod\u00edas de la m\u00fasica popular espa\u00f1ola, transmiti\u00e9ndoles valores ...\" \/>\n<meta property=\"og:url\" content=\"https:\/\/www.fetenfeten.net\/en\/el-magico-planeta-de-los-instrumentos-insolitos\/\" \/>\n<meta property=\"og:site_name\" content=\"Fet\u00e9n Fet\u00e9n\" \/>\n<meta property=\"article:publisher\" content=\"https:\/\/www.facebook.com\/duofeten\/\" \/>\n<meta property=\"article:published_time\" content=\"2025-06-27T10:53:54+00:00\" \/>\n<meta property=\"article:modified_time\" content=\"2026-02-18T12:13:03+00:00\" \/>\n<meta property=\"og:image\" content=\"https:\/\/www.fetenfeten.net\/wp-content\/uploads\/2025\/06\/elmagicoplaenta.png\" \/>\n\t<meta property=\"og:image:width\" content=\"1070\" \/>\n\t<meta property=\"og:image:height\" content=\"506\" \/>\n\t<meta property=\"og:image:type\" content=\"image\/png\" \/>\n<meta name=\"author\" content=\"Feten Feten\" \/>\n<meta name=\"twitter:card\" content=\"summary_large_image\" \/>\n<meta name=\"twitter:label1\" content=\"Written by\" \/>\n\t<meta name=\"twitter:data1\" content=\"Feten Feten\" \/>\n<script type=\"application\/ld+json\" class=\"yoast-schema-graph\">{\"@context\":\"https:\/\/schema.org\",\"@graph\":[{\"@type\":\"Article\",\"@id\":\"https:\/\/www.fetenfeten.net\/en\/el-magico-planeta-de-los-instrumentos-insolitos\/#article\",\"isPartOf\":{\"@id\":\"https:\/\/www.fetenfeten.net\/en\/el-magico-planeta-de-los-instrumentos-insolitos\/\"},\"author\":{\"name\":\"Feten Feten\",\"@id\":\"https:\/\/www.fetenfeten.net\/en\/#\/schema\/person\/afb92784d0dc507e8e9922dfc71770d2\"},\"headline\":\"&#8220;El m\u00e1gico planeta de los instrumentos ins\u00f3litos&#8221;\",\"datePublished\":\"2025-06-27T10:53:54+00:00\",\"dateModified\":\"2026-02-18T12:13:03+00:00\",\"mainEntityOfPage\":{\"@id\":\"https:\/\/www.fetenfeten.net\/en\/el-magico-planeta-de-los-instrumentos-insolitos\/\"},\"wordCount\":101,\"publisher\":{\"@id\":\"https:\/\/www.fetenfeten.net\/en\/#organization\"},\"image\":{\"@id\":\"https:\/\/www.fetenfeten.net\/en\/el-magico-planeta-de-los-instrumentos-insolitos\/#primaryimage\"},\"thumbnailUrl\":\"https:\/\/www.fetenfeten.net\/wp-content\/uploads\/2025\/06\/elmagicoplaenta.png\",\"articleSection\":[\"PROYECTOS\"],\"inLanguage\":\"en-US\"},{\"@type\":\"WebPage\",\"@id\":\"https:\/\/www.fetenfeten.net\/en\/el-magico-planeta-de-los-instrumentos-insolitos\/\",\"url\":\"https:\/\/www.fetenfeten.net\/en\/el-magico-planeta-de-los-instrumentos-insolitos\/\",\"name\":\"\\\"El m\u00e1gico planeta de los instrumentos ins\u00f3litos\\\" - Fet\u00e9n Fet\u00e9n\",\"isPartOf\":{\"@id\":\"https:\/\/www.fetenfeten.net\/en\/#website\"},\"primaryImageOfPage\":{\"@id\":\"https:\/\/www.fetenfeten.net\/en\/el-magico-planeta-de-los-instrumentos-insolitos\/#primaryimage\"},\"image\":{\"@id\":\"https:\/\/www.fetenfeten.net\/en\/el-magico-planeta-de-los-instrumentos-insolitos\/#primaryimage\"},\"thumbnailUrl\":\"https:\/\/www.fetenfeten.net\/wp-content\/uploads\/2025\/06\/elmagicoplaenta.png\",\"datePublished\":\"2025-06-27T10:53:54+00:00\",\"dateModified\":\"2026-02-18T12:13:03+00:00\",\"breadcrumb\":{\"@id\":\"https:\/\/www.fetenfeten.net\/en\/el-magico-planeta-de-los-instrumentos-insolitos\/#breadcrumb\"},\"inLanguage\":\"en-US\",\"potentialAction\":[{\"@type\":\"ReadAction\",\"target\":[\"https:\/\/www.fetenfeten.net\/en\/el-magico-planeta-de-los-instrumentos-insolitos\/\"]}]},{\"@type\":\"ImageObject\",\"inLanguage\":\"en-US\",\"@id\":\"https:\/\/www.fetenfeten.net\/en\/el-magico-planeta-de-los-instrumentos-insolitos\/#primaryimage\",\"url\":\"https:\/\/www.fetenfeten.net\/wp-content\/uploads\/2025\/06\/elmagicoplaenta.png\",\"contentUrl\":\"https:\/\/www.fetenfeten.net\/wp-content\/uploads\/2025\/06\/elmagicoplaenta.png\",\"width\":1070,\"height\":506},{\"@type\":\"BreadcrumbList\",\"@id\":\"https:\/\/www.fetenfeten.net\/en\/el-magico-planeta-de-los-instrumentos-insolitos\/#breadcrumb\",\"itemListElement\":[{\"@type\":\"ListItem\",\"position\":1,\"name\":\"Portada\",\"item\":\"https:\/\/www.fetenfeten.net\/en\/\"},{\"@type\":\"ListItem\",\"position\":2,\"name\":\"\u00abEl m\u00e1gico planeta de los instrumentos ins\u00f3litos\u00bb\"}]},{\"@type\":\"WebSite\",\"@id\":\"https:\/\/www.fetenfeten.net\/en\/#website\",\"url\":\"https:\/\/www.fetenfeten.net\/en\/\",\"name\":\"Fet\u00e9n Fet\u00e9n\",\"description\":\"\",\"publisher\":{\"@id\":\"https:\/\/www.fetenfeten.net\/en\/#organization\"},\"potentialAction\":[{\"@type\":\"SearchAction\",\"target\":{\"@type\":\"EntryPoint\",\"urlTemplate\":\"https:\/\/www.fetenfeten.net\/en\/?s={search_term_string}\"},\"query-input\":{\"@type\":\"PropertyValueSpecification\",\"valueRequired\":true,\"valueName\":\"search_term_string\"}}],\"inLanguage\":\"en-US\"},{\"@type\":\"Organization\",\"@id\":\"https:\/\/www.fetenfeten.net\/en\/#organization\",\"name\":\"Fet\u00e9n Fet\u00e9n\",\"url\":\"https:\/\/www.fetenfeten.net\/en\/\",\"logo\":{\"@type\":\"ImageObject\",\"inLanguage\":\"en-US\",\"@id\":\"https:\/\/www.fetenfeten.net\/en\/#\/schema\/logo\/image\/\",\"url\":\"https:\/\/www.fetenfeten.net\/wp-content\/uploads\/2025\/06\/nodisponible.png\",\"contentUrl\":\"https:\/\/www.fetenfeten.net\/wp-content\/uploads\/2025\/06\/nodisponible.png\",\"width\":500,\"height\":500,\"caption\":\"Fet\u00e9n Fet\u00e9n\"},\"image\":{\"@id\":\"https:\/\/www.fetenfeten.net\/en\/#\/schema\/logo\/image\/\"},\"sameAs\":[\"https:\/\/www.facebook.com\/duofeten\/\",\"https:\/\/www.instagram.com\/duofeten\/\"]},{\"@type\":\"Person\",\"@id\":\"https:\/\/www.fetenfeten.net\/en\/#\/schema\/person\/afb92784d0dc507e8e9922dfc71770d2\",\"name\":\"Feten Feten\",\"image\":{\"@type\":\"ImageObject\",\"inLanguage\":\"en-US\",\"@id\":\"https:\/\/www.fetenfeten.net\/en\/#\/schema\/person\/image\/\",\"url\":\"https:\/\/secure.gravatar.com\/avatar\/2e3b5910f91ea841a2251fb88e10692aba00ebe35237b3ed5446edb8fcd0efc6?s=96&d=mm&r=g\",\"contentUrl\":\"https:\/\/secure.gravatar.com\/avatar\/2e3b5910f91ea841a2251fb88e10692aba00ebe35237b3ed5446edb8fcd0efc6?s=96&d=mm&r=g\",\"caption\":\"Feten Feten\"},\"sameAs\":[\"https:\/\/www.fetenfeten.net\"],\"url\":\"https:\/\/www.fetenfeten.net\/en\/author\/feten-feten\/\"}]}<\/script>\n<!-- \/ Yoast SEO plugin. -->","yoast_head_json":{"title":"\"El m\u00e1gico planeta de los instrumentos ins\u00f3litos\" - Fet\u00e9n Fet\u00e9n","robots":{"index":"index","follow":"follow","max-snippet":"max-snippet:-1","max-image-preview":"max-image-preview:large","max-video-preview":"max-video-preview:-1"},"canonical":"https:\/\/www.fetenfeten.net\/en\/el-magico-planeta-de-los-instrumentos-insolitos\/","og_locale":"en_US","og_type":"article","og_title":"\"El m\u00e1gico planeta de los instrumentos ins\u00f3litos\" - Fet\u00e9n Fet\u00e9n","og_description":"El objetivo principal de este divertido concierto es que las familias emprendan un maravilloso viaje a trav\u00e9s de los diferentes ritmos y melod\u00edas de la m\u00fasica popular espa\u00f1ola, transmiti\u00e9ndoles valores ...","og_url":"https:\/\/www.fetenfeten.net\/en\/el-magico-planeta-de-los-instrumentos-insolitos\/","og_site_name":"Fet\u00e9n Fet\u00e9n","article_publisher":"https:\/\/www.facebook.com\/duofeten\/","article_published_time":"2025-06-27T10:53:54+00:00","article_modified_time":"2026-02-18T12:13:03+00:00","og_image":[{"width":1070,"height":506,"url":"https:\/\/www.fetenfeten.net\/wp-content\/uploads\/2025\/06\/elmagicoplaenta.png","type":"image\/png"}],"author":"Feten Feten","twitter_card":"summary_large_image","twitter_misc":{"Written by":"Feten Feten"},"schema":{"@context":"https:\/\/schema.org","@graph":[{"@type":"Article","@id":"https:\/\/www.fetenfeten.net\/en\/el-magico-planeta-de-los-instrumentos-insolitos\/#article","isPartOf":{"@id":"https:\/\/www.fetenfeten.net\/en\/el-magico-planeta-de-los-instrumentos-insolitos\/"},"author":{"name":"Feten Feten","@id":"https:\/\/www.fetenfeten.net\/en\/#\/schema\/person\/afb92784d0dc507e8e9922dfc71770d2"},"headline":"&#8220;El m\u00e1gico planeta de los instrumentos ins\u00f3litos&#8221;","datePublished":"2025-06-27T10:53:54+00:00","dateModified":"2026-02-18T12:13:03+00:00","mainEntityOfPage":{"@id":"https:\/\/www.fetenfeten.net\/en\/el-magico-planeta-de-los-instrumentos-insolitos\/"},"wordCount":101,"publisher":{"@id":"https:\/\/www.fetenfeten.net\/en\/#organization"},"image":{"@id":"https:\/\/www.fetenfeten.net\/en\/el-magico-planeta-de-los-instrumentos-insolitos\/#primaryimage"},"thumbnailUrl":"https:\/\/www.fetenfeten.net\/wp-content\/uploads\/2025\/06\/elmagicoplaenta.png","articleSection":["PROYECTOS"],"inLanguage":"en-US"},{"@type":"WebPage","@id":"https:\/\/www.fetenfeten.net\/en\/el-magico-planeta-de-los-instrumentos-insolitos\/","url":"https:\/\/www.fetenfeten.net\/en\/el-magico-planeta-de-los-instrumentos-insolitos\/","name":"\"El m\u00e1gico planeta de los instrumentos ins\u00f3litos\" - Fet\u00e9n Fet\u00e9n","isPartOf":{"@id":"https:\/\/www.fetenfeten.net\/en\/#website"},"primaryImageOfPage":{"@id":"https:\/\/www.fetenfeten.net\/en\/el-magico-planeta-de-los-instrumentos-insolitos\/#primaryimage"},"image":{"@id":"https:\/\/www.fetenfeten.net\/en\/el-magico-planeta-de-los-instrumentos-insolitos\/#primaryimage"},"thumbnailUrl":"https:\/\/www.fetenfeten.net\/wp-content\/uploads\/2025\/06\/elmagicoplaenta.png","datePublished":"2025-06-27T10:53:54+00:00","dateModified":"2026-02-18T12:13:03+00:00","breadcrumb":{"@id":"https:\/\/www.fetenfeten.net\/en\/el-magico-planeta-de-los-instrumentos-insolitos\/#breadcrumb"},"inLanguage":"en-US","potentialAction":[{"@type":"ReadAction","target":["https:\/\/www.fetenfeten.net\/en\/el-magico-planeta-de-los-instrumentos-insolitos\/"]}]},{"@type":"ImageObject","inLanguage":"en-US","@id":"https:\/\/www.fetenfeten.net\/en\/el-magico-planeta-de-los-instrumentos-insolitos\/#primaryimage","url":"https:\/\/www.fetenfeten.net\/wp-content\/uploads\/2025\/06\/elmagicoplaenta.png","contentUrl":"https:\/\/www.fetenfeten.net\/wp-content\/uploads\/2025\/06\/elmagicoplaenta.png","width":1070,"height":506},{"@type":"BreadcrumbList","@id":"https:\/\/www.fetenfeten.net\/en\/el-magico-planeta-de-los-instrumentos-insolitos\/#breadcrumb","itemListElement":[{"@type":"ListItem","position":1,"name":"Portada","item":"https:\/\/www.fetenfeten.net\/en\/"},{"@type":"ListItem","position":2,"name":"\u00abEl m\u00e1gico planeta de los instrumentos ins\u00f3litos\u00bb"}]},{"@type":"WebSite","@id":"https:\/\/www.fetenfeten.net\/en\/#website","url":"https:\/\/www.fetenfeten.net\/en\/","name":"Fet\u00e9n Fet\u00e9n","description":"","publisher":{"@id":"https:\/\/www.fetenfeten.net\/en\/#organization"},"potentialAction":[{"@type":"SearchAction","target":{"@type":"EntryPoint","urlTemplate":"https:\/\/www.fetenfeten.net\/en\/?s={search_term_string}"},"query-input":{"@type":"PropertyValueSpecification","valueRequired":true,"valueName":"search_term_string"}}],"inLanguage":"en-US"},{"@type":"Organization","@id":"https:\/\/www.fetenfeten.net\/en\/#organization","name":"Fet\u00e9n Fet\u00e9n","url":"https:\/\/www.fetenfeten.net\/en\/","logo":{"@type":"ImageObject","inLanguage":"en-US","@id":"https:\/\/www.fetenfeten.net\/en\/#\/schema\/logo\/image\/","url":"https:\/\/www.fetenfeten.net\/wp-content\/uploads\/2025\/06\/nodisponible.png","contentUrl":"https:\/\/www.fetenfeten.net\/wp-content\/uploads\/2025\/06\/nodisponible.png","width":500,"height":500,"caption":"Fet\u00e9n Fet\u00e9n"},"image":{"@id":"https:\/\/www.fetenfeten.net\/en\/#\/schema\/logo\/image\/"},"sameAs":["https:\/\/www.facebook.com\/duofeten\/","https:\/\/www.instagram.com\/duofeten\/"]},{"@type":"Person","@id":"https:\/\/www.fetenfeten.net\/en\/#\/schema\/person\/afb92784d0dc507e8e9922dfc71770d2","name":"Feten Feten","image":{"@type":"ImageObject","inLanguage":"en-US","@id":"https:\/\/www.fetenfeten.net\/en\/#\/schema\/person\/image\/","url":"https:\/\/secure.gravatar.com\/avatar\/2e3b5910f91ea841a2251fb88e10692aba00ebe35237b3ed5446edb8fcd0efc6?s=96&d=mm&r=g","contentUrl":"https:\/\/secure.gravatar.com\/avatar\/2e3b5910f91ea841a2251fb88e10692aba00ebe35237b3ed5446edb8fcd0efc6?s=96&d=mm&r=g","caption":"Feten Feten"},"sameAs":["https:\/\/www.fetenfeten.net"],"url":"https:\/\/www.fetenfeten.net\/en\/author\/feten-feten\/"}]}},"_links":{"self":[{"href":"https:\/\/www.fetenfeten.net\/en\/wp-json\/wp\/v2\/posts\/10361","targetHints":{"allow":["GET"]}}],"collection":[{"href":"https:\/\/www.fetenfeten.net\/en\/wp-json\/wp\/v2\/posts"}],"about":[{"href":"https:\/\/www.fetenfeten.net\/en\/wp-json\/wp\/v2\/types\/post"}],"author":[{"embeddable":true,"href":"https:\/\/www.fetenfeten.net\/en\/wp-json\/wp\/v2\/users\/1"}],"replies":[{"embeddable":true,"href":"https:\/\/www.fetenfeten.net\/en\/wp-json\/wp\/v2\/comments?post=10361"}],"version-history":[{"count":3,"href":"https:\/\/www.fetenfeten.net\/en\/wp-json\/wp\/v2\/posts\/10361\/revisions"}],"predecessor-version":[{"id":11142,"href":"https:\/\/www.fetenfeten.net\/en\/wp-json\/wp\/v2\/posts\/10361\/revisions\/11142"}],"wp:featuredmedia":[{"embeddable":true,"href":"https:\/\/www.fetenfeten.net\/en\/wp-json\/wp\/v2\/media\/10047"}],"wp:attachment":[{"href":"https:\/\/www.fetenfeten.net\/en\/wp-json\/wp\/v2\/media?parent=10361"}],"wp:term":[{"taxonomy":"category","embeddable":true,"href":"https:\/\/www.fetenfeten.net\/en\/wp-json\/wp\/v2\/categories?post=10361"},{"taxonomy":"post_tag","embeddable":true,"href":"https:\/\/www.fetenfeten.net\/en\/wp-json\/wp\/v2\/tags?post=10361"}],"curies":[{"name":"wp","href":"https:\/\/api.w.org\/{rel}","templated":true}]}}